{"id":285,"date":"2023-05-02T20:16:00","date_gmt":"2023-05-02T20:16:00","guid":{"rendered":"http:\/\/blog.firatyasar.com\/?p=285"},"modified":"2024-03-28T20:21:01","modified_gmt":"2024-03-28T20:21:01","slug":"cncf-community-i-joined-the-cncf-istanbul-community-organizers","status":"publish","type":"post","link":"https:\/\/blog.firatyasar.com\/?p=285","title":{"rendered":"CNCF Community &#8211; I joined the CNCF Istanbul Community organizers."},"content":{"rendered":"\n<figure class=\"wp-block-image size-large\"><img loading=\"lazy\" width=\"700\" height=\"186\" src=\"\/wp-content\/uploads\/2024\/03\/image-31.png\" alt=\"\" class=\"wp-image-287\" srcset=\"\/wp-content\/uploads\/2024\/03\/image-31.png 700w, \/wp-content\/uploads\/2024\/03\/image-31-300x80.png 300w, \/wp-content\/uploads\/2024\/03\/image-31-660x175.png 660w\" sizes=\"(max-width: 700px) 100vw, 700px\" \/><\/figure>\n\n\n\n<p>Cloud-Native Istanbul Community Group organizer&#8217;lar\u0131 aras\u0131nda yer al\u0131yorum. Bundan sonra CNCF \u00e7at\u0131s\u0131 alt\u0131nda \u0130stanbulda online ve offline olarak seminer ve webiner organizasyonlar\u0131 yapaca\u011f\u0131z.<\/p>\n\n\n\n<p>A\u015fa\u011f\u0131daki linkten ilgili event&#8217;lere ula\u015fabilirsiniz.<\/p>\n\n\n\n<p><a href=\"https:\/\/community.cncf.io\/istanbul\/\">https:\/\/community.cncf.io\/istanbul\/<\/a><\/p>\n\n\n\n<p><\/p>\n\n\n\n<figure class=\"wp-block-image size-large\"><img loading=\"lazy\" width=\"1024\" height=\"531\" src=\"\/wp-content\/uploads\/2024\/03\/image-30-1024x531.png\" alt=\"\" class=\"wp-image-286\" srcset=\"\/wp-content\/uploads\/2024\/03\/image-30-1024x531.png 1024w, \/wp-content\/uploads\/2024\/03\/image-30-300x156.png 300w, \/wp-content\/uploads\/2024\/03\/image-30-768x398.png 768w, \/wp-content\/uploads\/2024\/03\/image-30-1536x797.png 1536w, \/wp-content\/uploads\/2024\/03\/image-30-2048x1062.png 2048w, \/wp-content\/uploads\/2024\/03\/image-30-660x342.png 660w\" sizes=\"(max-width: 1024px) 100vw, 1024px\" \/><\/figure>\n","protected":false},"excerpt":{"rendered":"<p>Cloud-Native Istanbul Community Group organizer&#8217;lar\u0131 aras\u0131nda yer al\u0131yorum. Bundan sonra CNCF \u00e7at\u0131s\u0131 alt\u0131nda \u0130stanbulda online ve offline olarak seminer ve webiner organizasyonlar\u0131 yapaca\u011f\u0131z. A\u015fa\u011f\u0131daki linkten ilgili event&#8217;lere ula\u015fabilirsiniz. https:\/\/community.cncf.io\/istanbul\/<\/p>\n","protected":false},"author":1,"featured_media":287,"comment_status":"open","ping_status":"open","sticky":false,"template":"","format":"standard","meta":[],"categories":[1],"tags":[],"_links":{"self":[{"href":"https:\/\/blog.firatyasar.com\/index.php?rest_route=\/wp\/v2\/posts\/285"}],"collection":[{"href":"https:\/\/blog.firatyasar.com\/index.php?rest_route=\/wp\/v2\/posts"}],"about":[{"href":"https:\/\/blog.firatyasar.com\/index.php?rest_route=\/wp\/v2\/types\/post"}],"author":[{"embeddable":true,"href":"https:\/\/blog.firatyasar.com\/index.php?rest_route=\/wp\/v2\/users\/1"}],"replies":[{"embeddable":true,"href":"https:\/\/blog.firatyasar.com\/index.php?rest_route=%2Fwp%2Fv2%2Fcomments&post=285"}],"version-history":[{"count":1,"href":"https:\/\/blog.firatyasar.com\/index.php?rest_route=\/wp\/v2\/posts\/285\/revisions"}],"predecessor-version":[{"id":288,"href":"https:\/\/blog.firatyasar.com\/index.php?rest_route=\/wp\/v2\/posts\/285\/revisions\/288"}],"wp:featuredmedia":[{"embeddable":true,"href":"https:\/\/blog.firatyasar.com\/index.php?rest_route=\/wp\/v2\/media\/287"}],"wp:attachment":[{"href":"https:\/\/blog.firatyasar.com\/index.php?rest_route=%2Fwp%2Fv2%2Fmedia&parent=285"}],"wp:term":[{"taxonomy":"category","embeddable":true,"href":"https:\/\/blog.firatyasar.com\/index.php?rest_route=%2Fwp%2Fv2%2Fcategories&post=285"},{"taxonomy":"post_tag","embeddable":true,"href":"https:\/\/blog.firatyasar.com\/index.php?rest_route=%2Fwp%2Fv2%2Ftags&post=285"}],"curies":[{"name":"wp","href":"https:\/\/api.w.org\/{rel}","templated":true}]}}