{"id":255,"date":"2023-06-16T21:30:00","date_gmt":"2023-06-16T21:30:00","guid":{"rendered":"http:\/\/blog.firatyasar.com\/?p=255"},"modified":"2024-03-27T21:38:15","modified_gmt":"2024-03-27T21:38:15","slug":"kubernetes-community-day-istanbul-2023-2","status":"publish","type":"post","link":"https:\/\/blog.firatyasar.com\/?p=255","title":{"rendered":"Kubernetes Community Day Istanbul 2023"},"content":{"rendered":"\n<p>CNCF taraf\u0131ndan organize edilen KCD etkinli\u011finde konu\u015fmac\u0131 olarak yerimi ald\u0131m. Bu etkinlikte Canonical&#8217;\u0131n Kubernetes platformundan, charmd Kubernetes deployment&#8217;\u0131ndan ve JUJU tool&#8217;unun kullan\u0131m\u0131ndan ayr\u0131nt\u0131l\u0131 bahsediyor olaca\u011f\u0131m.<\/p>\n\n\n\n<figure class=\"wp-block-image size-large\"><img loading=\"lazy\" width=\"1024\" height=\"540\" src=\"\/wp-content\/uploads\/2024\/03\/image-11-1024x540.png\" alt=\"\" class=\"wp-image-256\" srcset=\"\/wp-content\/uploads\/2024\/03\/image-11-1024x540.png 1024w, \/wp-content\/uploads\/2024\/03\/image-11-300x158.png 300w, \/wp-content\/uploads\/2024\/03\/image-11-768x405.png 768w, \/wp-content\/uploads\/2024\/03\/image-11-660x348.png 660w, \/wp-content\/uploads\/2024\/03\/image-11-380x200.png 380w, \/wp-content\/uploads\/2024\/03\/image-11.png 1452w\" sizes=\"(max-width: 1024px) 100vw, 1024px\" \/><\/figure>\n\n\n\n<p>Etkinli\u011fe ili\u015fkin fotograflar a\u015fa\u011f\u0131da \ud83d\ude42<\/p>\n\n\n\n<figure class=\"wp-block-image size-large\"><img loading=\"lazy\" width=\"1024\" height=\"705\" src=\"\/wp-content\/uploads\/2024\/03\/image-12-1024x705.png\" alt=\"\" class=\"wp-image-257\" srcset=\"\/wp-content\/uploads\/2024\/03\/image-12-1024x705.png 1024w, \/wp-content\/uploads\/2024\/03\/image-12-300x207.png 300w, \/wp-content\/uploads\/2024\/03\/image-12-768x529.png 768w, \/wp-content\/uploads\/2024\/03\/image-12-660x455.png 660w, \/wp-content\/uploads\/2024\/03\/image-12.png 1318w\" sizes=\"(max-width: 1024px) 100vw, 1024px\" \/><\/figure>\n\n\n\n<p><\/p>\n\n\n\n<p><\/p>\n","protected":false},"excerpt":{"rendered":"<p>CNCF taraf\u0131ndan organize edilen KCD etkinli\u011finde konu\u015fmac\u0131 olarak yerimi ald\u0131m. Bu etkinlikte Canonical&#8217;\u0131n Kubernetes platformundan, charmd Kubernetes deployment&#8217;\u0131ndan ve JUJU tool&#8217;unun kullan\u0131m\u0131ndan ayr\u0131nt\u0131l\u0131 bahsediyor olaca\u011f\u0131m. Etkinli\u011fe ili\u015fkin fotograflar a\u015fa\u011f\u0131da \ud83d\ude42<\/p>\n","protected":false},"author":1,"featured_media":179,"comment_status":"open","ping_status":"open","sticky":false,"template":"","format":"standard","meta":[],"categories":[1],"tags":[],"_links":{"self":[{"href":"https:\/\/blog.firatyasar.com\/index.php?rest_route=\/wp\/v2\/posts\/255"}],"collection":[{"href":"https:\/\/blog.firatyasar.com\/index.php?rest_route=\/wp\/v2\/posts"}],"about":[{"href":"https:\/\/blog.firatyasar.com\/index.php?rest_route=\/wp\/v2\/types\/post"}],"author":[{"embeddable":true,"href":"https:\/\/blog.firatyasar.com\/index.php?rest_route=\/wp\/v2\/users\/1"}],"replies":[{"embeddable":true,"href":"https:\/\/blog.firatyasar.com\/index.php?rest_route=%2Fwp%2Fv2%2Fcomments&post=255"}],"version-history":[{"count":1,"href":"https:\/\/blog.firatyasar.com\/index.php?rest_route=\/wp\/v2\/posts\/255\/revisions"}],"predecessor-version":[{"id":258,"href":"https:\/\/blog.firatyasar.com\/index.php?rest_route=\/wp\/v2\/posts\/255\/revisions\/258"}],"wp:featuredmedia":[{"embeddable":true,"href":"https:\/\/blog.firatyasar.com\/index.php?rest_route=\/wp\/v2\/media\/179"}],"wp:attachment":[{"href":"https:\/\/blog.firatyasar.com\/index.php?rest_route=%2Fwp%2Fv2%2Fmedia&parent=255"}],"wp:term":[{"taxonomy":"category","embeddable":true,"href":"https:\/\/blog.firatyasar.com\/index.php?rest_route=%2Fwp%2Fv2%2Fcategories&post=255"},{"taxonomy":"post_tag","embeddable":true,"href":"https:\/\/blog.firatyasar.com\/index.php?rest_route=%2Fwp%2Fv2%2Ftags&post=255"}],"curies":[{"name":"wp","href":"https:\/\/api.w.org\/{rel}","templated":true}]}}