{"id":178,"date":"2023-02-15T17:50:00","date_gmt":"2023-02-15T17:50:00","guid":{"rendered":"http:\/\/blog.firatyasar.com\/?p=178"},"modified":"2023-03-19T17:53:25","modified_gmt":"2023-03-19T17:53:25","slug":"kubernetes-community-day-istanbul-2023","status":"publish","type":"post","link":"https:\/\/blog.firatyasar.com\/?p=178","title":{"rendered":"Kubernetes Community Day Istanbul 2023"},"content":{"rendered":"\n<figure class=\"wp-block-image size-large\"><img loading=\"lazy\" width=\"784\" height=\"638\" src=\"\/wp-content\/uploads\/2023\/03\/image-36.png\" alt=\"\" class=\"wp-image-179\" srcset=\"\/wp-content\/uploads\/2023\/03\/image-36.png 784w, \/wp-content\/uploads\/2023\/03\/image-36-300x244.png 300w, \/wp-content\/uploads\/2023\/03\/image-36-768x625.png 768w, \/wp-content\/uploads\/2023\/03\/image-36-660x537.png 660w\" sizes=\"(max-width: 784px) 100vw, 784px\" \/><\/figure>\n\n\n\n<p>Bu sene \u0130stanbulda ilk defa d\u00fczenlenecek olan Kubernetes Community Day&#8217;e sponsorlu\u011fumuzdan dolay\u0131 konu\u015fmac\u0131 olarak yer alca\u011f\u0131m.<\/p>\n\n\n\n<p>Sizler de konu\u015fmac\u0131 olarak yer almak isterseniz a\u015fa\u011f\u0131daki linki kullanarak ba\u015fvuruda bulunabilirsiniz.<\/p>\n\n\n\n<p>3 g\u00fcn s\u00fcrecek olan bu etkinlikte her y\u00f6n\u00fcyle kubernetes konular\u0131 farkl\u0131 bir \u00e7ok konu\u015fmac\u0131 taraf\u0131ndan ele al\u0131nacak \ud83d\ude42<\/p>\n\n\n\n<p><a href=\"https:\/\/kcd.smapply.io\/prog\/kcd_turkey_2023\/\">https:\/\/kcd.smapply.io\/prog\/kcd_turkey_2023\/<\/a><\/p>\n\n\n\n<p>G\u00f6r\u00fc\u015fmek \u00fczere.<\/p>\n\n\n\n<p>F\u0131rat<\/p>\n","protected":false},"excerpt":{"rendered":"<p>Bu sene \u0130stanbulda ilk defa d\u00fczenlenecek olan Kubernetes Community Day&#8217;e sponsorlu\u011fumuzdan dolay\u0131 konu\u015fmac\u0131 olarak yer alca\u011f\u0131m. Sizler de konu\u015fmac\u0131 olarak yer almak isterseniz a\u015fa\u011f\u0131daki linki kullanarak ba\u015fvuruda bulunabilirsiniz. 3 g\u00fcn s\u00fcrecek olan bu etkinlikte her y\u00f6n\u00fcyle kubernetes konular\u0131 farkl\u0131 bir \u00e7ok konu\u015fmac\u0131 taraf\u0131ndan ele al\u0131nacak \ud83d\ude42 https:\/\/kcd.smapply.io\/prog\/kcd_turkey_2023\/ G\u00f6r\u00fc\u015fmek \u00fczere. F\u0131rat<\/p>\n","protected":false},"author":1,"featured_media":179,"comment_status":"open","ping_status":"open","sticky":false,"template":"","format":"standard","meta":[],"categories":[1],"tags":[],"_links":{"self":[{"href":"https:\/\/blog.firatyasar.com\/index.php?rest_route=\/wp\/v2\/posts\/178"}],"collection":[{"href":"https:\/\/blog.firatyasar.com\/index.php?rest_route=\/wp\/v2\/posts"}],"about":[{"href":"https:\/\/blog.firatyasar.com\/index.php?rest_route=\/wp\/v2\/types\/post"}],"author":[{"embeddable":true,"href":"https:\/\/blog.firatyasar.com\/index.php?rest_route=\/wp\/v2\/users\/1"}],"replies":[{"embeddable":true,"href":"https:\/\/blog.firatyasar.com\/index.php?rest_route=%2Fwp%2Fv2%2Fcomments&post=178"}],"version-history":[{"count":1,"href":"https:\/\/blog.firatyasar.com\/index.php?rest_route=\/wp\/v2\/posts\/178\/revisions"}],"predecessor-version":[{"id":180,"href":"https:\/\/blog.firatyasar.com\/index.php?rest_route=\/wp\/v2\/posts\/178\/revisions\/180"}],"wp:featuredmedia":[{"embeddable":true,"href":"https:\/\/blog.firatyasar.com\/index.php?rest_route=\/wp\/v2\/media\/179"}],"wp:attachment":[{"href":"https:\/\/blog.firatyasar.com\/index.php?rest_route=%2Fwp%2Fv2%2Fmedia&parent=178"}],"wp:term":[{"taxonomy":"category","embeddable":true,"href":"https:\/\/blog.firatyasar.com\/index.php?rest_route=%2Fwp%2Fv2%2Fcategories&post=178"},{"taxonomy":"post_tag","embeddable":true,"href":"https:\/\/blog.firatyasar.com\/index.php?rest_route=%2Fwp%2Fv2%2Ftags&post=178"}],"curies":[{"name":"wp","href":"https:\/\/api.w.org\/{rel}","templated":true}]}}